{"id":2762,"date":"2023-08-16T08:33:48","date_gmt":"2023-08-16T06:33:48","guid":{"rendered":"https:\/\/blaakors.no\/seiersborg-follo\/?p=2762"},"modified":"2023-09-27T12:32:22","modified_gmt":"2023-09-27T10:32:22","slug":"vi-er-klare-for-nytt-skolear","status":"publish","type":"post","link":"https:\/\/seiersborg.vgs.no\/follo\/vi-er-klare-for-nytt-skolear\/","title":{"rendered":"Vi er klare for nytt skole\u00e5r!"},"content":{"rendered":"\n<p class=\" eplus-wrapper\"><strong>Denne fine gjengen gleder seg veldig til \u00e5 m\u00f8te elevene igjen! Vi har brukt uka p\u00e5 \u00e5 legge planer for skole\u00e5ret og oppstarten, slik at alt er klart for \u00e5 gi elevene en trygg og god start p\u00e5 torsdag.<\/strong><\/p>\n\n\n\n<p class=\" eplus-wrapper\">Vi startet uka p\u00e5 Jel\u00f8y Radio der vi m\u00f8tte kollegaene v\u00e5re fra Seiersborg i Fredrikstad for \u00e5 dele erfaringer og bli enda bedre kjent. Totalt var vi 64 ansatte &#8211; l\u00e6rere, milj\u00f8arbeidere, r\u00e5dgivere, administrasjon og ledelse. <\/p>\n\n\n\n<p class=\" eplus-wrapper\">Dagen startet med mingling som ogs\u00e5 var en fin mulighet for nyansatte \u00e5 bli bedre kjent med sine nye kollegaer p\u00e5 skolene. S\u00e5 gikk vi over til det faglige hvor vi jobbet sammen b\u00e5de i grupper og i fellesskap. <\/p>\n\n\n\n<p class=\" eplus-wrapper\">\u2013 Det er nyttig for oss \u00e5 kunne utveksle erfaringer med skolen i Fredrikstad. De er en st\u00f8rre skole med flere ansatte, og det er fint for oss som forel\u00f8pig ikke er s\u00e5 mange \u00e5 f\u00f8le at vi er en del av noe st\u00f8rre, sa assisterende rektor Espen Andersen.<\/p>\n\n\n\n<figure class=\" wp-block-image size-large eplus-wrapper\"><img decoding=\"async\" loading=\"lazy\" width=\"1024\" height=\"651\" src=\"https:\/\/seiersborg.vgs.no\/follo\/wp-content\/uploads\/sites\/2\/2023\/08\/Planleggingsdag_web-1-1024x651.jpg\" alt=\"\" class=\"wp-image-2765\" srcset=\"https:\/\/seiersborg.vgs.no\/follo\/wp-content\/uploads\/sites\/2\/2023\/08\/Planleggingsdag_web-1-1024x651.jpg 1024w, https:\/\/seiersborg.vgs.no\/follo\/wp-content\/uploads\/sites\/2\/2023\/08\/Planleggingsdag_web-1-300x191.jpg 300w, https:\/\/seiersborg.vgs.no\/follo\/wp-content\/uploads\/sites\/2\/2023\/08\/Planleggingsdag_web-1-768x488.jpg 768w, https:\/\/seiersborg.vgs.no\/follo\/wp-content\/uploads\/sites\/2\/2023\/08\/Planleggingsdag_web-1.jpg 1254w\" sizes=\"(max-width: 1024px) 100vw, 1024px\" \/><\/figure>\n\n\n\n<p class=\" eplus-wrapper\">Nytt av \u00e5ret p\u00e5 Seiersborg i Follo er at vi starter opp med vg2, og vi har ogs\u00e5 f\u00e5tt fem nye ansatte med p\u00e5 laget.<\/p>\n\n\n\n<p class=\" eplus-wrapper\">Planlegging av nytt skole\u00e5r har fortsatt p\u00e5 skolene b\u00e5de tirsdag og onsdag, og n\u00e5 gleder vi oss veldig til skolen fylles med elever igjen!<\/p>\n\n\n\n<p class=\" eplus-wrapper\">Husk oppm\u00f8te torsdag 17. august kl. 10 for alle elever. <\/p>\n\n\n\n<p class=\" eplus-wrapper\"><strong>Her er flere bilder fra planleggingsdagen:<\/strong><\/p>\n\n\n\n<figure class=\" wp-block-gallery aligncenter has-nested-images columns-default is-cropped eplus-wrapper wp-block-gallery-1 is-layout-flex wp-block-gallery-is-layout-flex\">\n<figure class=\" wp-block-image size-large eplus-wrapper\"><img decoding=\"async\" loading=\"lazy\" width=\"1024\" height=\"683\" data-id=\"2767\" src=\"https:\/\/seiersborg.vgs.no\/follo\/wp-content\/uploads\/sites\/2\/2023\/08\/Planleggingsdag_web-4-1024x683.jpg\" alt=\"\" class=\"wp-image-2767\" srcset=\"https:\/\/seiersborg.vgs.no\/follo\/wp-content\/uploads\/sites\/2\/2023\/08\/Planleggingsdag_web-4-1024x683.jpg 1024w, https:\/\/seiersborg.vgs.no\/follo\/wp-content\/uploads\/sites\/2\/2023\/08\/Planleggingsdag_web-4-300x200.jpg 300w, https:\/\/seiersborg.vgs.no\/follo\/wp-content\/uploads\/sites\/2\/2023\/08\/Planleggingsdag_web-4-768x512.jpg 768w, https:\/\/seiersborg.vgs.no\/follo\/wp-content\/uploads\/sites\/2\/2023\/08\/Planleggingsdag_web-4.jpg 1224w\" sizes=\"(max-width: 1024px) 100vw, 1024px\" \/><figcaption class=\"wp-element-caption\">Stort engasjement blant de ansatte.<\/figcaption><\/figure>\n\n\n\n<figure class=\" wp-block-image size-large eplus-wrapper\"><img decoding=\"async\" loading=\"lazy\" width=\"1024\" height=\"688\" data-id=\"2766\" src=\"https:\/\/seiersborg.vgs.no\/follo\/wp-content\/uploads\/sites\/2\/2023\/08\/Planleggingsdag_web-7-1024x688.jpg\" alt=\"\" class=\"wp-image-2766\" srcset=\"https:\/\/seiersborg.vgs.no\/follo\/wp-content\/uploads\/sites\/2\/2023\/08\/Planleggingsdag_web-7-1024x688.jpg 1024w, https:\/\/seiersborg.vgs.no\/follo\/wp-content\/uploads\/sites\/2\/2023\/08\/Planleggingsdag_web-7-300x202.jpg 300w, https:\/\/seiersborg.vgs.no\/follo\/wp-content\/uploads\/sites\/2\/2023\/08\/Planleggingsdag_web-7-768x516.jpg 768w, https:\/\/seiersborg.vgs.no\/follo\/wp-content\/uploads\/sites\/2\/2023\/08\/Planleggingsdag_web-7.jpg 1219w\" sizes=\"(max-width: 1024px) 100vw, 1024px\" \/><figcaption class=\"wp-element-caption\">Hyggelig setting for \u00e5 bli kjent med nye kollegaer.<\/figcaption><\/figure>\n\n\n\n<figure class=\" wp-block-image size-large eplus-wrapper\"><img decoding=\"async\" loading=\"lazy\" width=\"1024\" height=\"683\" data-id=\"2763\" src=\"https:\/\/seiersborg.vgs.no\/follo\/wp-content\/uploads\/sites\/2\/2023\/08\/Planleggingsdag_web-23-1-1024x683.jpg\" alt=\"\" class=\"wp-image-2763\" srcset=\"https:\/\/seiersborg.vgs.no\/follo\/wp-content\/uploads\/sites\/2\/2023\/08\/Planleggingsdag_web-23-1-1024x683.jpg 1024w, https:\/\/seiersborg.vgs.no\/follo\/wp-content\/uploads\/sites\/2\/2023\/08\/Planleggingsdag_web-23-1-300x200.jpg 300w, https:\/\/seiersborg.vgs.no\/follo\/wp-content\/uploads\/sites\/2\/2023\/08\/Planleggingsdag_web-23-1-768x512.jpg 768w, https:\/\/seiersborg.vgs.no\/follo\/wp-content\/uploads\/sites\/2\/2023\/08\/Planleggingsdag_web-23-1.jpg 1224w\" sizes=\"(max-width: 1024px) 100vw, 1024px\" \/><figcaption class=\"wp-element-caption\">Diskusjoner rundt temaer i grupper.<\/figcaption><\/figure>\n<\/figure>\n","protected":false},"excerpt":{"rendered":"<p>Denne fine gjengen gleder seg veldig til \u00e5 m\u00f8te elevene igjen! Vi har brukt uka p\u00e5 \u00e5 legge planer for skole\u00e5ret og oppstarten, slik at alt er klart for \u00e5 gi elevene en trygg og god start p\u00e5 torsdag. Vi startet uka p\u00e5 Jel\u00f8y Radio der vi m\u00f8tte kollegaene v\u00e5re fra Seiersborg i Fredrikstad for [&hellip;]<\/p>\n","protected":false},"author":1,"featured_media":2768,"comment_status":"open","ping_status":"open","sticky":false,"template":"","format":"standard","meta":{"inline_featured_image":false,"editor_plus_copied_stylings":"{}","footnotes":""},"categories":[5],"tags":[],"featured_image_src":"https:\/\/seiersborg.vgs.no\/follo\/wp-content\/uploads\/sites\/2\/2023\/08\/Planleggingsdag_web-9.jpg","author_info":{"display_name":"digital@thepitch.no","author_link":"https:\/\/seiersborg.vgs.no\/follo\/author\/digitalthepitch-no\/"},"yoast_head":"<!-- This site is optimized with the Yoast SEO plugin v21.0 - https:\/\/yoast.com\/wordpress\/plugins\/seo\/ -->\n<title>Vi er klare for nytt skole\u00e5r! - Follo<\/title>\n<meta name=\"robots\" content=\"index, follow, max-snippet:-1, max-image-preview:large, max-video-preview:-1\" \/>\n<link rel=\"canonical\" href=\"https:\/\/seiersborg.vgs.no\/follo\/vi-er-klare-for-nytt-skolear\/\" \/>\n<meta property=\"og:locale\" content=\"nb_NO\" \/>\n<meta property=\"og:type\" content=\"article\" \/>\n<meta property=\"og:title\" content=\"Vi er klare for nytt skole\u00e5r! - Follo\" \/>\n<meta property=\"og:description\" content=\"Denne fine gjengen gleder seg veldig til \u00e5 m\u00f8te elevene igjen! Vi har brukt uka p\u00e5 \u00e5 legge planer for skole\u00e5ret og oppstarten, slik at alt er klart for \u00e5 gi elevene en trygg og god start p\u00e5 torsdag. Vi startet uka p\u00e5 Jel\u00f8y Radio der vi m\u00f8tte kollegaene v\u00e5re fra Seiersborg i Fredrikstad for [&hellip;]\" \/>\n<meta property=\"og:url\" content=\"https:\/\/seiersborg.vgs.no\/follo\/vi-er-klare-for-nytt-skolear\/\" \/>\n<meta property=\"og:site_name\" content=\"Follo\" \/>\n<meta property=\"article:published_time\" content=\"2023-08-16T06:33:48+00:00\" \/>\n<meta property=\"article:modified_time\" content=\"2023-09-27T10:32:22+00:00\" \/>\n<meta property=\"og:image\" content=\"https:\/\/seiersborg.vgs.no\/follo\/wp-content\/uploads\/sites\/2\/2023\/08\/Planleggingsdag_web-9.jpg\" \/>\n\t<meta property=\"og:image:width\" content=\"1224\" \/>\n\t<meta property=\"og:image:height\" content=\"816\" \/>\n\t<meta property=\"og:image:type\" content=\"image\/jpeg\" \/>\n<meta name=\"author\" content=\"digital@thepitch.no\" \/>\n<meta name=\"twitter:card\" content=\"summary_large_image\" \/>\n<meta name=\"twitter:label1\" content=\"Skrevet av\" \/>\n\t<meta name=\"twitter:data1\" content=\"digital@thepitch.no\" \/>\n\t<meta name=\"twitter:label2\" content=\"Ansl. lesetid\" \/>\n\t<meta name=\"twitter:data2\" content=\"3 minutter\" \/>\n<script type=\"application\/ld+json\" class=\"yoast-schema-graph\">{\"@context\":\"https:\/\/schema.org\",\"@graph\":[{\"@type\":\"WebPage\",\"@id\":\"https:\/\/seiersborg.vgs.no\/follo\/vi-er-klare-for-nytt-skolear\/\",\"url\":\"https:\/\/seiersborg.vgs.no\/follo\/vi-er-klare-for-nytt-skolear\/\",\"name\":\"Vi er klare for nytt skole\u00e5r! - Follo\",\"isPartOf\":{\"@id\":\"https:\/\/seiersborg.vgs.no\/follo\/#website\"},\"datePublished\":\"2023-08-16T06:33:48+00:00\",\"dateModified\":\"2023-09-27T10:32:22+00:00\",\"author\":{\"@id\":\"https:\/\/seiersborg.vgs.no\/follo\/#\/schema\/person\/68e8b8d980fac074a54b56cf7fc816f8\"},\"breadcrumb\":{\"@id\":\"https:\/\/seiersborg.vgs.no\/follo\/vi-er-klare-for-nytt-skolear\/#breadcrumb\"},\"inLanguage\":\"nb-NO\",\"potentialAction\":[{\"@type\":\"ReadAction\",\"target\":[\"https:\/\/seiersborg.vgs.no\/follo\/vi-er-klare-for-nytt-skolear\/\"]}]},{\"@type\":\"BreadcrumbList\",\"@id\":\"https:\/\/seiersborg.vgs.no\/follo\/vi-er-klare-for-nytt-skolear\/#breadcrumb\",\"itemListElement\":[{\"@type\":\"ListItem\",\"position\":1,\"name\":\"Hjem\",\"item\":\"https:\/\/seiersborg.vgs.no\/follo\/\"},{\"@type\":\"ListItem\",\"position\":2,\"name\":\"Vi er klare for nytt skole\u00e5r!\"}]},{\"@type\":\"WebSite\",\"@id\":\"https:\/\/seiersborg.vgs.no\/follo\/#website\",\"url\":\"https:\/\/seiersborg.vgs.no\/follo\/\",\"name\":\"Follo\",\"description\":\"\",\"potentialAction\":[{\"@type\":\"SearchAction\",\"target\":{\"@type\":\"EntryPoint\",\"urlTemplate\":\"https:\/\/seiersborg.vgs.no\/follo\/?s={search_term_string}\"},\"query-input\":\"required name=search_term_string\"}],\"inLanguage\":\"nb-NO\"},{\"@type\":\"Person\",\"@id\":\"https:\/\/seiersborg.vgs.no\/follo\/#\/schema\/person\/68e8b8d980fac074a54b56cf7fc816f8\",\"name\":\"digital@thepitch.no\",\"image\":{\"@type\":\"ImageObject\",\"inLanguage\":\"nb-NO\",\"@id\":\"https:\/\/seiersborg.vgs.no\/follo\/#\/schema\/person\/image\/\",\"url\":\"https:\/\/secure.gravatar.com\/avatar\/55e6fc7a4963b2ff255888f894e79158?s=96&d=mm&r=g\",\"contentUrl\":\"https:\/\/secure.gravatar.com\/avatar\/55e6fc7a4963b2ff255888f894e79158?s=96&d=mm&r=g\",\"caption\":\"digital@thepitch.no\"},\"sameAs\":[\"https:\/\/seiers-21485.lukas-osl.servebolt.cloud\"],\"url\":\"https:\/\/seiersborg.vgs.no\/follo\/author\/digitalthepitch-no\/\"}]}<\/script>\n<!-- \/ Yoast SEO plugin. -->","yoast_head_json":{"title":"Vi er klare for nytt skole\u00e5r! - Follo","robots":{"index":"index","follow":"follow","max-snippet":"max-snippet:-1","max-image-preview":"max-image-preview:large","max-video-preview":"max-video-preview:-1"},"canonical":"https:\/\/seiersborg.vgs.no\/follo\/vi-er-klare-for-nytt-skolear\/","og_locale":"nb_NO","og_type":"article","og_title":"Vi er klare for nytt skole\u00e5r! - Follo","og_description":"Denne fine gjengen gleder seg veldig til \u00e5 m\u00f8te elevene igjen! Vi har brukt uka p\u00e5 \u00e5 legge planer for skole\u00e5ret og oppstarten, slik at alt er klart for \u00e5 gi elevene en trygg og god start p\u00e5 torsdag. Vi startet uka p\u00e5 Jel\u00f8y Radio der vi m\u00f8tte kollegaene v\u00e5re fra Seiersborg i Fredrikstad for [&hellip;]","og_url":"https:\/\/seiersborg.vgs.no\/follo\/vi-er-klare-for-nytt-skolear\/","og_site_name":"Follo","article_published_time":"2023-08-16T06:33:48+00:00","article_modified_time":"2023-09-27T10:32:22+00:00","og_image":[{"width":1224,"height":816,"url":"https:\/\/seiersborg.vgs.no\/follo\/wp-content\/uploads\/sites\/2\/2023\/08\/Planleggingsdag_web-9.jpg","type":"image\/jpeg"}],"author":"digital@thepitch.no","twitter_card":"summary_large_image","twitter_misc":{"Skrevet av":"digital@thepitch.no","Ansl. lesetid":"3 minutter"},"schema":{"@context":"https:\/\/schema.org","@graph":[{"@type":"WebPage","@id":"https:\/\/seiersborg.vgs.no\/follo\/vi-er-klare-for-nytt-skolear\/","url":"https:\/\/seiersborg.vgs.no\/follo\/vi-er-klare-for-nytt-skolear\/","name":"Vi er klare for nytt skole\u00e5r! - Follo","isPartOf":{"@id":"https:\/\/seiersborg.vgs.no\/follo\/#website"},"datePublished":"2023-08-16T06:33:48+00:00","dateModified":"2023-09-27T10:32:22+00:00","author":{"@id":"https:\/\/seiersborg.vgs.no\/follo\/#\/schema\/person\/68e8b8d980fac074a54b56cf7fc816f8"},"breadcrumb":{"@id":"https:\/\/seiersborg.vgs.no\/follo\/vi-er-klare-for-nytt-skolear\/#breadcrumb"},"inLanguage":"nb-NO","potentialAction":[{"@type":"ReadAction","target":["https:\/\/seiersborg.vgs.no\/follo\/vi-er-klare-for-nytt-skolear\/"]}]},{"@type":"BreadcrumbList","@id":"https:\/\/seiersborg.vgs.no\/follo\/vi-er-klare-for-nytt-skolear\/#breadcrumb","itemListElement":[{"@type":"ListItem","position":1,"name":"Hjem","item":"https:\/\/seiersborg.vgs.no\/follo\/"},{"@type":"ListItem","position":2,"name":"Vi er klare for nytt skole\u00e5r!"}]},{"@type":"WebSite","@id":"https:\/\/seiersborg.vgs.no\/follo\/#website","url":"https:\/\/seiersborg.vgs.no\/follo\/","name":"Follo","description":"","potentialAction":[{"@type":"SearchAction","target":{"@type":"EntryPoint","urlTemplate":"https:\/\/seiersborg.vgs.no\/follo\/?s={search_term_string}"},"query-input":"required name=search_term_string"}],"inLanguage":"nb-NO"},{"@type":"Person","@id":"https:\/\/seiersborg.vgs.no\/follo\/#\/schema\/person\/68e8b8d980fac074a54b56cf7fc816f8","name":"digital@thepitch.no","image":{"@type":"ImageObject","inLanguage":"nb-NO","@id":"https:\/\/seiersborg.vgs.no\/follo\/#\/schema\/person\/image\/","url":"https:\/\/secure.gravatar.com\/avatar\/55e6fc7a4963b2ff255888f894e79158?s=96&d=mm&r=g","contentUrl":"https:\/\/secure.gravatar.com\/avatar\/55e6fc7a4963b2ff255888f894e79158?s=96&d=mm&r=g","caption":"digital@thepitch.no"},"sameAs":["https:\/\/seiers-21485.lukas-osl.servebolt.cloud"],"url":"https:\/\/seiersborg.vgs.no\/follo\/author\/digitalthepitch-no\/"}]}},"_links":{"self":[{"href":"https:\/\/seiersborg.vgs.no\/follo\/wp-json\/wp\/v2\/posts\/2762"}],"collection":[{"href":"https:\/\/seiersborg.vgs.no\/follo\/wp-json\/wp\/v2\/posts"}],"about":[{"href":"https:\/\/seiersborg.vgs.no\/follo\/wp-json\/wp\/v2\/types\/post"}],"author":[{"embeddable":true,"href":"https:\/\/seiersborg.vgs.no\/follo\/wp-json\/wp\/v2\/users\/1"}],"replies":[{"embeddable":true,"href":"https:\/\/seiersborg.vgs.no\/follo\/wp-json\/wp\/v2\/comments?post=2762"}],"version-history":[{"count":2,"href":"https:\/\/seiersborg.vgs.no\/follo\/wp-json\/wp\/v2\/posts\/2762\/revisions"}],"predecessor-version":[{"id":3000,"href":"https:\/\/seiersborg.vgs.no\/follo\/wp-json\/wp\/v2\/posts\/2762\/revisions\/3000"}],"wp:featuredmedia":[{"embeddable":true,"href":"https:\/\/seiersborg.vgs.no\/follo\/wp-json\/wp\/v2\/media\/2768"}],"wp:attachment":[{"href":"https:\/\/seiersborg.vgs.no\/follo\/wp-json\/wp\/v2\/media?parent=2762"}],"wp:term":[{"taxonomy":"category","embeddable":true,"href":"https:\/\/seiersborg.vgs.no\/follo\/wp-json\/wp\/v2\/categories?post=2762"},{"taxonomy":"post_tag","embeddable":true,"href":"https:\/\/seiersborg.vgs.no\/follo\/wp-json\/wp\/v2\/tags?post=2762"}],"curies":[{"name":"wp","href":"https:\/\/api.w.org\/{rel}","templated":true}]}}