{"id":3914,"date":"2026-01-06T09:28:59","date_gmt":"2026-01-06T08:28:59","guid":{"rendered":"https:\/\/seiersborg.vgs.no\/follo\/?p=3914"},"modified":"2026-01-07T13:37:58","modified_gmt":"2026-01-07T12:37:58","slug":"elever-i-praksis","status":"publish","type":"post","link":"https:\/\/seiersborg.vgs.no\/follo\/elever-i-praksis\/","title":{"rendered":"Elever i praksis"},"content":{"rendered":"\n<h4 class=\" wp-block-heading has-text-align-center eplus-wrapper\">Vi har bes\u00f8kt noen av elevene v\u00e5re som har v\u00e6rt ute i praksis i h\u00f8st.  Her forteller de om hvordan det har v\u00e6rt og hvilke oppgaver de har hatt. <\/h4>\n\n\n\n<p class=\" has-text-align-center eplus-wrapper\">Hvert \u00e5r er elevene v\u00e5re p\u00e5 vg1 og vg2 i praksis. Det er mange ulike retninger \u00e5 g\u00e5 i, og her f\u00e5r dere et innblikk i hva noen av v\u00e5re elever har l\u00e6rt p\u00e5 sin praksisplass dette \u00e5ret. <\/p>\n\n\n\n<p class=\" has-text-align-center eplus-wrapper\">Sv\u00e6rt gledelig er det at de aller fleste elevene som g\u00e5r vg2 medieproduksjon har funnet seg relevante og spennende praksisplasser. Elevene er blant annet i praksis ved kulturhusene i \u00c5s og Vestby, \u00d8stlandets Blad, \u00c5s kirkekontor og Christiania Teater i Oslo.<\/p>\n\n\n\n<div style=\"height:16px\" aria-hidden=\"true\" class=\" wp-block-spacer eplus-wrapper\"><\/div>\n\n\n\n<div class=\" wp-block-media-text is-stacked-on-mobile has-green-background-color has-background eplus-wrapper\"><figure class=\"wp-block-media-text__media\"><img decoding=\"async\" loading=\"lazy\" width=\"1024\" height=\"768\" src=\"https:\/\/seiersborg.vgs.no\/follo\/wp-content\/uploads\/sites\/2\/2025\/12\/Praksis-1-1024x768.jpg\" alt=\"\" class=\"wp-image-3917 size-full\" srcset=\"https:\/\/seiersborg.vgs.no\/follo\/wp-content\/uploads\/sites\/2\/2025\/12\/Praksis-1-1024x768.jpg 1024w, https:\/\/seiersborg.vgs.no\/follo\/wp-content\/uploads\/sites\/2\/2025\/12\/Praksis-1-300x225.jpg 300w, https:\/\/seiersborg.vgs.no\/follo\/wp-content\/uploads\/sites\/2\/2025\/12\/Praksis-1-768x576.jpg 768w, https:\/\/seiersborg.vgs.no\/follo\/wp-content\/uploads\/sites\/2\/2025\/12\/Praksis-1.jpg 1200w\" sizes=\"(max-width: 1024px) 100vw, 1024px\" \/><\/figure><div class=\"wp-block-media-text__content\">\n<p class=\" eplus-wrapper\"><strong>Hvem: <\/strong>Timian (16) &#8211; elev p\u00e5 vg2 salg og reiseliv<\/p>\n\n\n\n<p class=\" eplus-wrapper\"><strong>Praksisplass:<\/strong> Kiwi i \u00c5s sentrum.<\/p>\n\n\n\n<p class=\" eplus-wrapper\"><strong>Oppgaver:<\/strong> Fyller p\u00e5 varer og trekker varer frem slik at det ser fint ut i hyllene. Hjelper kunder.<\/p>\n<\/div><\/div>\n\n\n\n<div style=\"height:16px\" aria-hidden=\"true\" class=\" wp-block-spacer eplus-wrapper\"><\/div>\n\n\n<div class=\" wp-block-columns eplus-wrapper is-layout-flex wp-container-2 wp-block-columns-is-layout-flex eplus-styles-uid-3a7f19\">\n<div class=\" wp-block-column eplus-wrapper is-layout-flow wp-block-column-is-layout-flow\">\n<p class=\" has-text-align-center eplus-wrapper\">\u2013 Det er veldig fint \u00e5 v\u00e6re her og veldig hyggelig \u00e5 jobbe her og bli kjent med alle de andre ansatte. Jeg trives veldig godt med \u00e5 v\u00e6re i butikken og hjelpe kunder blant annet, forteller Timian.<\/p>\n\n\n\n<p class=\" has-text-align-center eplus-wrapper\">Dette er f\u00f8rste gang Timian er i praksis. Han har v\u00e6rt i praksis her hver fredag helt fra vg1. <\/p>\n\n\n\n<p class=\" has-text-align-center eplus-wrapper\">\u2013 Jeg har blitt trygg p\u00e5 \u00e5 snakke med kunder og bli kjent med folk. Jeg f\u00f8ler meg veldig trygg i jobben jeg gj\u00f8r ogs\u00e5. Det var skummelt \u00e5 v\u00e6re ny og ikke vite helt hva jeg skulle gj\u00f8re, men n\u00e5 g\u00e5r alt veldig fint. Jeg trives godt i butikk, s\u00e5 jeg ser for meg at dette er noe jeg kan drive med videre.<\/p>\n<\/div>\n<\/div>\n\n<div class=\" wp-block-columns eplus-wrapper is-layout-flex wp-container-6 wp-block-columns-is-layout-flex eplus-styles-uid-b013b6\">\n<div class=\" wp-block-column eplus-wrapper is-layout-flow wp-block-column-is-layout-flow\"><\/div>\n\n\n\n<div class=\" wp-block-column eplus-wrapper is-layout-flow wp-block-column-is-layout-flow\">\n<figure class=\"is-style-default wp-block-image size-full is-resized eplus-wrapper\"><img decoding=\"async\" src=\"https:\/\/seiersborg.vgs.no\/fredrikstad\/wp-content\/uploads\/sites\/1\/2024\/11\/high_five_f.png\" alt=\"\" class=\"wp-image-20008\" style=\"aspect-ratio:1.3333333333333333;object-fit:cover;width:272px;height:auto\"><\/figure>\n<\/div>\n\n\n\n<div class=\" wp-block-column eplus-wrapper is-layout-flow wp-block-column-is-layout-flow\"><\/div>\n<\/div>\n\n\n<div style=\"height:31px\" aria-hidden=\"true\" class=\" wp-block-spacer eplus-wrapper\"><\/div>\n\n\n\n<div class=\" wp-block-media-text has-media-on-the-right is-stacked-on-mobile has-green-background-color has-background eplus-wrapper\" style=\"grid-template-columns:auto 55%\"><div class=\"wp-block-media-text__content\">\n<p class=\" eplus-wrapper\"><strong>Hvem: <\/strong>Kine (17) &#8211; elev p\u00e5 vg2 helsearbeiderfag<\/p>\n\n\n\n<p class=\" eplus-wrapper\"><strong>Praksisplass:<\/strong> Boots Apotek i \u00c5s<\/p>\n\n\n\n<p class=\" eplus-wrapper\"><strong>Oppgaver:<\/strong> Hovedoppgaven er \u00e5 observere hvordan de ansatte jobber med blant annet resepter.<\/p>\n<\/div><figure class=\"wp-block-media-text__media\"><img decoding=\"async\" loading=\"lazy\" width=\"1024\" height=\"768\" src=\"https:\/\/seiersborg.vgs.no\/follo\/wp-content\/uploads\/sites\/2\/2025\/12\/Praksis-28-1024x768.jpg\" alt=\"\" class=\"wp-image-3919 size-full\" srcset=\"https:\/\/seiersborg.vgs.no\/follo\/wp-content\/uploads\/sites\/2\/2025\/12\/Praksis-28-1024x768.jpg 1024w, https:\/\/seiersborg.vgs.no\/follo\/wp-content\/uploads\/sites\/2\/2025\/12\/Praksis-28-300x225.jpg 300w, https:\/\/seiersborg.vgs.no\/follo\/wp-content\/uploads\/sites\/2\/2025\/12\/Praksis-28-768x576.jpg 768w, https:\/\/seiersborg.vgs.no\/follo\/wp-content\/uploads\/sites\/2\/2025\/12\/Praksis-28.jpg 1200w\" sizes=\"(max-width: 1024px) 100vw, 1024px\" \/><\/figure><\/div>\n\n\n\n<div style=\"height:16px\" aria-hidden=\"true\" class=\" wp-block-spacer eplus-wrapper\"><\/div>\n\n\n<div class=\" wp-block-columns eplus-wrapper is-layout-flex wp-container-8 wp-block-columns-is-layout-flex eplus-styles-uid-dafe58\">\n<div class=\" wp-block-column eplus-wrapper is-layout-flow wp-block-column-is-layout-flow\">\n<p class=\" has-text-align-center eplus-wrapper\">\u2013 Jeg trives godt her p\u00e5 apoteket, det er godt \u00e5 faktisk gj\u00f8re noe annet enn \u00e5 sitte p\u00e5 skolen. En av hovedoppgavene mine er \u00e5 l\u00e6re og observere n\u00e5r de ansatte jobber med \u00e5 gi ut resepter. Jeg jobber ogs\u00e5 med \u00e5 sette ut varer og gj\u00f8re det fint i hyllene, forteller Kine. <\/p>\n\n\n\n<p class=\" has-text-align-center eplus-wrapper\">P\u00e5 Boots Apotek gis det vaksiner, s\u00e5 en av de tingene Kine har v\u00e6rt med \u00e5 observere er n\u00e5r det blir satt spr\u00f8yter. Dr\u00f8mmejobben er \u00e5 jobbe som ambulansearbeider eller p\u00e5 akuttmottak, og veien dit g\u00e5r gjennom p\u00e5bygg til neste \u00e5r.<\/p>\n<\/div>\n<\/div>\n\n<div class=\" wp-block-columns eplus-wrapper is-layout-flex wp-container-12 wp-block-columns-is-layout-flex eplus-styles-uid-52090a\">\n<div class=\" wp-block-column eplus-wrapper is-layout-flow wp-block-column-is-layout-flow\"><\/div>\n\n\n\n<div class=\" wp-block-column eplus-wrapper is-layout-flow wp-block-column-is-layout-flow\">\n<figure class=\"is-style-default wp-block-image size-full is-resized eplus-wrapper\"><img decoding=\"async\" src=\"https:\/\/seiersborg.vgs.no\/fredrikstad\/wp-content\/uploads\/sites\/1\/2024\/11\/hender-1.png\" alt=\"\" class=\"wp-image-20024\" style=\"aspect-ratio:1.3333333333333333;object-fit:cover;width:276px;height:auto\"><\/figure>\n<\/div>\n\n\n\n<div class=\" wp-block-column eplus-wrapper is-layout-flow wp-block-column-is-layout-flow\"><\/div>\n<\/div>\n\n\n<div style=\"height:31px\" aria-hidden=\"true\" class=\" wp-block-spacer eplus-wrapper\"><\/div>\n\n\n\n<div class=\" wp-block-media-text is-stacked-on-mobile has-green-background-color has-background eplus-wrapper\" style=\"grid-template-columns:55% auto\"><figure class=\"wp-block-media-text__media\"><img decoding=\"async\" loading=\"lazy\" width=\"1024\" height=\"768\" src=\"https:\/\/seiersborg.vgs.no\/follo\/wp-content\/uploads\/sites\/2\/2025\/12\/Praksis-27-1024x768.jpg\" alt=\"\" class=\"wp-image-3920 size-full\" srcset=\"https:\/\/seiersborg.vgs.no\/follo\/wp-content\/uploads\/sites\/2\/2025\/12\/Praksis-27-1024x768.jpg 1024w, https:\/\/seiersborg.vgs.no\/follo\/wp-content\/uploads\/sites\/2\/2025\/12\/Praksis-27-300x225.jpg 300w, https:\/\/seiersborg.vgs.no\/follo\/wp-content\/uploads\/sites\/2\/2025\/12\/Praksis-27-768x576.jpg 768w, https:\/\/seiersborg.vgs.no\/follo\/wp-content\/uploads\/sites\/2\/2025\/12\/Praksis-27.jpg 1200w\" sizes=\"(max-width: 1024px) 100vw, 1024px\" \/><\/figure><div class=\"wp-block-media-text__content\">\n<p class=\" eplus-wrapper\"><strong>Hvem: <\/strong>Alvin (17) &#8211; elev p\u00e5 vg2 medieproduksjon <\/p>\n\n\n\n<p class=\" eplus-wrapper\"><strong>Praksisplass:<\/strong> Vestby Kulturkvartal<\/p>\n\n\n\n<p class=\" eplus-wrapper\"><strong>Oppgaver:<\/strong> Rigge til ulike arrangementer<\/p>\n<\/div><\/div>\n\n\n\n<div style=\"height:16px\" aria-hidden=\"true\" class=\" wp-block-spacer eplus-wrapper\"><\/div>\n\n\n<div class=\" wp-block-columns eplus-wrapper is-layout-flex wp-container-14 wp-block-columns-is-layout-flex eplus-styles-uid-206edf\">\n<div class=\" wp-block-column eplus-wrapper is-layout-flow wp-block-column-is-layout-flow\">\n<p class=\" has-text-align-center eplus-wrapper\">\u2013 Jeg tror jeg er p\u00e5 verdens beste arbeidsplass! Det er veldig fint \u00e5 v\u00e6re her &#8211; jeg hjelper til med \u00e5 finne frem alt som skal v\u00e6re p\u00e5 scenen til ulike arrangementer blant annet. N\u00e5 har jeg rigget til et julearrangement, som jeg ogs\u00e5 skal fotografere, forteller Alvin n\u00e5r vi bes\u00f8ker han tidlig i desember 2025.<\/p>\n\n\n\n<p class=\" has-text-align-center eplus-wrapper\">  \u2013 Jeg har l\u00e6rt enormt mye, men jeg vil jo bare l\u00e6re mer og mer! Jeg har for eksempel l\u00e6rt litt om hvordan man styrer lyset. De er ogs\u00e5 veldig flinke til \u00e5 tilrettelegge her. <\/p>\n<\/div>\n<\/div>\n\n<div class=\" wp-block-columns eplus-wrapper is-layout-flex wp-container-18 wp-block-columns-is-layout-flex eplus-styles-uid-818441\">\n<div class=\" wp-block-column eplus-wrapper is-layout-flow wp-block-column-is-layout-flow\"><\/div>\n\n\n\n<div class=\" wp-block-column eplus-wrapper is-layout-flow wp-block-column-is-layout-flow\">\n<figure class=\"is-style-default wp-block-image size-full is-resized eplus-wrapper\"><img decoding=\"async\" src=\"https:\/\/seiersborg.vgs.no\/fredrikstad\/wp-content\/uploads\/sites\/1\/2024\/11\/blomst.png\" alt=\"\" class=\"wp-image-20025\" style=\"aspect-ratio:1.3333333333333333;object-fit:cover;width:271px;height:auto\"><\/figure>\n<\/div>\n\n\n\n<div class=\" wp-block-column eplus-wrapper is-layout-flow wp-block-column-is-layout-flow\"><\/div>\n<\/div>\n\n\n<div style=\"height:31px\" aria-hidden=\"true\" class=\" wp-block-spacer eplus-wrapper\"><\/div>\n\n\n\n<div class=\" wp-block-media-text has-media-on-the-right is-stacked-on-mobile has-green-background-color has-background eplus-wrapper\" style=\"grid-template-columns:auto 55%\"><div class=\"wp-block-media-text__content\">\n<p class=\" eplus-wrapper\"><strong>Hvem: <\/strong>Ida (17) &#8211; elev p\u00e5 vg2 salg og reiseliv<\/p>\n\n\n\n<p class=\" eplus-wrapper\"><strong>Praksisplass:<\/strong> XXL Ski<\/p>\n\n\n\n<p class=\" eplus-wrapper\"><strong>Oppgaver:<\/strong>  Hjelper kunder med \u00e5 finne fram til det de trenger.<\/p>\n<\/div><figure class=\"wp-block-media-text__media\"><img decoding=\"async\" loading=\"lazy\" width=\"1024\" height=\"768\" src=\"https:\/\/seiersborg.vgs.no\/follo\/wp-content\/uploads\/sites\/2\/2025\/12\/Praksis-12-1024x768.jpg\" alt=\"\" class=\"wp-image-3921 size-full\" srcset=\"https:\/\/seiersborg.vgs.no\/follo\/wp-content\/uploads\/sites\/2\/2025\/12\/Praksis-12-1024x768.jpg 1024w, https:\/\/seiersborg.vgs.no\/follo\/wp-content\/uploads\/sites\/2\/2025\/12\/Praksis-12-300x225.jpg 300w, https:\/\/seiersborg.vgs.no\/follo\/wp-content\/uploads\/sites\/2\/2025\/12\/Praksis-12-768x576.jpg 768w, https:\/\/seiersborg.vgs.no\/follo\/wp-content\/uploads\/sites\/2\/2025\/12\/Praksis-12.jpg 1200w\" sizes=\"(max-width: 1024px) 100vw, 1024px\" \/><\/figure><\/div>\n\n\n\n<div style=\"height:31px\" aria-hidden=\"true\" class=\" wp-block-spacer eplus-wrapper\"><\/div>\n\n\n<div class=\" wp-block-columns eplus-wrapper is-layout-flex wp-container-20 wp-block-columns-is-layout-flex eplus-styles-uid-c2bf4c\">\n<div class=\" wp-block-column eplus-wrapper is-layout-flow wp-block-column-is-layout-flow\">\n<p class=\" has-text-align-center eplus-wrapper\">\u2013 Det er veldig hyggelig \u00e5 v\u00e6re i praksis her. Milj\u00f8et er veldig fint, og s\u00e5 liker jeg at jeg gj\u00f8r noe hele tiden. Jeg sitter sjelden i ro. Dagene er ganske forskjellige &#8211; noen ganger pakker jeg ut varer, noen ganger sorterer jeg for eksempel sko og noen ganger priser jeg varer, forteller Ida.<\/p>\n\n\n\n<p class=\" has-text-align-center eplus-wrapper\">Ida synes det er g\u00f8y \u00e5 gj\u00f8re noe annet enn \u00e5 kun sitte p\u00e5 skolebenken. <\/p>\n\n\n\n<p class=\" has-text-align-center eplus-wrapper\">\u2013\u00a0Jeg har l\u00e6rt mye om kundeservice og salgsteknikker. Jeg l\u00e6rer ting litt gradvis da, for det tar jo litt tid. I starten hadde jeg ikke helt kontroll p\u00e5 hvor ting var, for XXL er jo en veldig stor butikk. Men n\u00e5 vet jeg hvor jeg finner det meste. <\/p>\n<\/div>\n<\/div>\n\n<div class=\" wp-block-columns eplus-wrapper is-layout-flex wp-container-24 wp-block-columns-is-layout-flex eplus-styles-uid-8ad58e\">\n<div class=\" wp-block-column eplus-wrapper is-layout-flow wp-block-column-is-layout-flow\"><\/div>\n\n\n\n<div class=\" wp-block-column eplus-wrapper is-layout-flow wp-block-column-is-layout-flow\">\n<figure class=\"is-style-default wp-block-image size-full is-resized eplus-wrapper\"><img decoding=\"async\" src=\"https:\/\/seiersborg.vgs.no\/fredrikstad\/wp-content\/uploads\/sites\/1\/2024\/11\/sol.png\" alt=\"\" class=\"wp-image-20026\" style=\"aspect-ratio:1.3333333333333333;object-fit:cover;width:274px;height:auto\"><\/figure>\n<\/div>\n\n\n\n<div class=\" wp-block-column eplus-wrapper is-layout-flow wp-block-column-is-layout-flow\"><\/div>\n<\/div>\n\n\n<div style=\"height:31px\" aria-hidden=\"true\" class=\" wp-block-spacer eplus-wrapper\"><\/div>\n\n\n\n<div class=\" wp-block-media-text is-stacked-on-mobile has-green-background-color has-background eplus-wrapper\" style=\"grid-template-columns:55% auto\"><figure class=\"wp-block-media-text__media\"><img decoding=\"async\" loading=\"lazy\" width=\"1024\" height=\"768\" src=\"https:\/\/seiersborg.vgs.no\/follo\/wp-content\/uploads\/sites\/2\/2025\/12\/Praksis-5-1-1024x768.jpg\" alt=\"\" class=\"wp-image-3922 size-full\" srcset=\"https:\/\/seiersborg.vgs.no\/follo\/wp-content\/uploads\/sites\/2\/2025\/12\/Praksis-5-1-1024x768.jpg 1024w, https:\/\/seiersborg.vgs.no\/follo\/wp-content\/uploads\/sites\/2\/2025\/12\/Praksis-5-1-300x225.jpg 300w, https:\/\/seiersborg.vgs.no\/follo\/wp-content\/uploads\/sites\/2\/2025\/12\/Praksis-5-1-768x576.jpg 768w, https:\/\/seiersborg.vgs.no\/follo\/wp-content\/uploads\/sites\/2\/2025\/12\/Praksis-5-1.jpg 1200w\" sizes=\"(max-width: 1024px) 100vw, 1024px\" \/><\/figure><div class=\"wp-block-media-text__content\">\n<p class=\" eplus-wrapper\"><strong>Hvem: <\/strong>Aron (18) &#8211; elev p\u00e5 vg2 salg og reiseliv<\/p>\n\n\n\n<p class=\" eplus-wrapper\"><strong>Praksisplass:<\/strong> Europris i \u00c5s<\/p>\n\n\n\n<p class=\" eplus-wrapper\"><strong>Oppgaver:<\/strong> Ta ut varer fra lageret og setter p\u00e5 plass i butikk og sitte i kassa.<\/p>\n<\/div><\/div>\n\n\n\n<div style=\"height:31px\" aria-hidden=\"true\" class=\" wp-block-spacer eplus-wrapper\"><\/div>\n\n\n<div class=\" wp-block-columns eplus-wrapper is-layout-flex wp-container-26 wp-block-columns-is-layout-flex eplus-styles-uid-c8d9eb\">\n<div class=\" wp-block-column eplus-wrapper is-layout-flow wp-block-column-is-layout-flow\">\n<p class=\" has-text-align-center eplus-wrapper\">\u2013 Jeg gj\u00f8r litt forskjellig i praksisen her. Det morsomste er kanskje \u00e5 sitte i kassen. Ellers bruker jeg en del tid p\u00e5 \u00e5 ta ut varer fra lageret og sette p\u00e5 plass i butikk, sier Aron. <\/p>\n\n\n\n<p class=\" has-text-align-center eplus-wrapper\">Aron trives godt og har i tillegg til praksisen ogs\u00e5 f\u00e5tt jobb i butikken. Europris er den andre praksisplassen Aron er i &#8211; f\u00f8rste \u00e5ret var han p\u00e5 Kiwi i Oppeg\u00e5rd. <\/p>\n\n\n\n<p class=\" has-text-align-center eplus-wrapper\">\u2013 I noen situasjoner kan jeg bli litt usikker, for eksempel om kunder lurer p\u00e5 noe jeg ikke helt forst\u00e5r hva er. Men da f\u00e5r jeg bare hjelp av noen andre ansatte.<\/p>\n<\/div>\n<\/div>\n\n<div class=\" wp-block-columns eplus-wrapper is-layout-flex wp-container-30 wp-block-columns-is-layout-flex eplus-styles-uid-37d06f\">\n<div class=\" wp-block-column eplus-wrapper is-layout-flow wp-block-column-is-layout-flow\"><\/div>\n\n\n\n<div class=\" wp-block-column eplus-wrapper is-layout-flow wp-block-column-is-layout-flow\">\n<figure class=\"is-style-default wp-block-image size-full is-resized eplus-wrapper\"><img decoding=\"async\" src=\"https:\/\/seiersborg.vgs.no\/fredrikstad\/wp-content\/uploads\/sites\/1\/2024\/11\/hjerte-1.png\" alt=\"\" class=\"wp-image-20027\" style=\"aspect-ratio:1.3333333333333333;object-fit:cover;width:271px;height:auto\"><\/figure>\n<\/div>\n\n\n\n<div class=\" wp-block-column eplus-wrapper is-layout-flow wp-block-column-is-layout-flow\"><\/div>\n<\/div>\n\n\n<div style=\"height:31px\" aria-hidden=\"true\" class=\" wp-block-spacer eplus-wrapper\"><\/div>\n\n\n\n<div class=\" wp-block-media-text has-media-on-the-right is-stacked-on-mobile has-green-background-color has-background eplus-wrapper\" style=\"grid-template-columns:auto 55%\"><div class=\"wp-block-media-text__content\">\n<p class=\" eplus-wrapper\"><strong>Hvem: <\/strong>Adrian (17) &#8211; elev p\u00e5 vg1 salg, service og reiseliv<\/p>\n\n\n\n<p class=\" eplus-wrapper\"><strong>Praksisplass:<\/strong> Normal, Ski Storsenter<\/p>\n\n\n\n<p class=\" eplus-wrapper\"><strong>Oppgaver:<\/strong> Sitter i kassa og setter ut varer<\/p>\n<\/div><figure class=\"wp-block-media-text__media\"><img decoding=\"async\" loading=\"lazy\" width=\"1024\" height=\"768\" src=\"https:\/\/seiersborg.vgs.no\/follo\/wp-content\/uploads\/sites\/2\/2025\/12\/Praksis-15-1024x768.jpg\" alt=\"\" class=\"wp-image-3923 size-full\" srcset=\"https:\/\/seiersborg.vgs.no\/follo\/wp-content\/uploads\/sites\/2\/2025\/12\/Praksis-15-1024x768.jpg 1024w, https:\/\/seiersborg.vgs.no\/follo\/wp-content\/uploads\/sites\/2\/2025\/12\/Praksis-15-300x225.jpg 300w, https:\/\/seiersborg.vgs.no\/follo\/wp-content\/uploads\/sites\/2\/2025\/12\/Praksis-15-768x576.jpg 768w, https:\/\/seiersborg.vgs.no\/follo\/wp-content\/uploads\/sites\/2\/2025\/12\/Praksis-15.jpg 1200w\" sizes=\"(max-width: 1024px) 100vw, 1024px\" \/><\/figure><\/div>\n\n\n\n<div style=\"height:31px\" aria-hidden=\"true\" class=\" wp-block-spacer eplus-wrapper\"><\/div>\n\n\n<div class=\" wp-block-columns eplus-wrapper is-layout-flex wp-container-32 wp-block-columns-is-layout-flex eplus-styles-uid-863ec8\">\n<div class=\" wp-block-column eplus-wrapper is-layout-flow wp-block-column-is-layout-flow\">\n<p class=\" has-text-align-center eplus-wrapper\">\u2013 Jeg gj\u00f8r veldig mye forskjellig &#8211; alt fra \u00e5 sitte i kassa og sette ut varer slik jeg holder p\u00e5 med n\u00e5. S\u00e5 hjelper jeg ogs\u00e5 kundene. Det beste med \u00e5 v\u00e6re i praksis her er at det er veldig hyggelige folk som jobber her. Jeg l\u00e6rer mye, forteller Adrian.<\/p>\n<\/div>\n<\/div>\n\n<div class=\" wp-block-columns eplus-wrapper is-layout-flex wp-container-36 wp-block-columns-is-layout-flex eplus-styles-uid-4d7a4e\">\n<div class=\" wp-block-column eplus-wrapper is-layout-flow wp-block-column-is-layout-flow\"><\/div>\n\n\n\n<div class=\" wp-block-column eplus-wrapper is-layout-flow wp-block-column-is-layout-flow\">\n<figure class=\"is-style-default wp-block-image size-full is-resized eplus-wrapper\"><img decoding=\"async\" src=\"https:\/\/seiersborg.vgs.no\/fredrikstad\/wp-content\/uploads\/sites\/1\/2024\/11\/high_five_f-1.png\" alt=\"\" class=\"wp-image-20028\" style=\"aspect-ratio:1.3333333333333333;object-fit:cover;width:272px;height:auto\"><\/figure>\n<\/div>\n\n\n\n<div class=\" wp-block-column eplus-wrapper is-layout-flow wp-block-column-is-layout-flow\"><\/div>\n<\/div>\n\n\n<div style=\"height:31px\" aria-hidden=\"true\" class=\" wp-block-spacer eplus-wrapper\"><\/div>\n\n\n\n<div class=\" wp-block-media-text is-stacked-on-mobile has-green-background-color has-background eplus-wrapper\" style=\"grid-template-columns:55% auto\"><figure class=\"wp-block-media-text__media\"><img decoding=\"async\" loading=\"lazy\" width=\"1024\" height=\"683\" src=\"https:\/\/seiersborg.vgs.no\/follo\/wp-content\/uploads\/sites\/2\/2025\/12\/Praksis-18-1024x683.jpg\" alt=\"\" class=\"wp-image-3924 size-full\" srcset=\"https:\/\/seiersborg.vgs.no\/follo\/wp-content\/uploads\/sites\/2\/2025\/12\/Praksis-18-1024x683.jpg 1024w, https:\/\/seiersborg.vgs.no\/follo\/wp-content\/uploads\/sites\/2\/2025\/12\/Praksis-18-300x200.jpg 300w, https:\/\/seiersborg.vgs.no\/follo\/wp-content\/uploads\/sites\/2\/2025\/12\/Praksis-18-768x512.jpg 768w, https:\/\/seiersborg.vgs.no\/follo\/wp-content\/uploads\/sites\/2\/2025\/12\/Praksis-18.jpg 1200w\" sizes=\"(max-width: 1024px) 100vw, 1024px\" \/><\/figure><div class=\"wp-block-media-text__content\">\n<p class=\" eplus-wrapper\"><strong>Hvem: <\/strong>H\u00e5kon (17) &#8211; elev p\u00e5 vg2 medieproduksjon<\/p>\n\n\n\n<p class=\" eplus-wrapper\"><strong>Praksisplass:<\/strong> \u00d8stlandets Blad<\/p>\n\n\n\n<p class=\" eplus-wrapper\"><strong>Oppgaver:<\/strong> Diverse &#8211; filming, fotografering og grafisk design<\/p>\n<\/div><\/div>\n\n\n\n<div style=\"height:31px\" aria-hidden=\"true\" class=\" wp-block-spacer eplus-wrapper\"><\/div>\n\n\n<div class=\" wp-block-columns eplus-wrapper is-layout-flex wp-container-38 wp-block-columns-is-layout-flex eplus-styles-uid-dd6201\">\n<div class=\" wp-block-column eplus-wrapper is-layout-flow wp-block-column-is-layout-flow\">\n<p class=\" has-text-align-center eplus-wrapper\">\u2013 Det er veldig g\u00f8y her! Jeg har blitt tatt s\u00e5 godt imot av de andre ansatte her. Jeg har f\u00e5tt min egen kontorplass blant annet. Jeg har v\u00e6rt med p\u00e5 \u00e5 filme et intervju, jeg har f\u00e5tt lage noen plakater og akkurat n\u00e5 jobber jeg litt med Facebook-siden til \u00d8B, forteller H\u00e5kon.<\/p>\n\n\n\n<p class=\" has-text-align-center eplus-wrapper\">H\u00e5kon forteller ogs\u00e5 at han l\u00e6rer veldig mye av \u00e5 f\u00e5 tilbakemeldinger p\u00e5 det han har levert &#8211; slik vet han hva han m\u00e5 gj\u00f8re annerledes neste gang. <\/p>\n\n\n\n<p class=\" has-text-align-center eplus-wrapper\">\u2013 Det er veldig moro \u00e5 endelig kunne bruke noe av det jeg har l\u00e6rt p\u00e5 skolen i l\u00f8pet av de to siste \u00e5rene og vise fram det jeg har jobbet med. <\/p>\n<\/div>\n<\/div>\n\n<div class=\" wp-block-columns eplus-wrapper is-layout-flex wp-container-42 wp-block-columns-is-layout-flex eplus-styles-uid-031ce8\">\n<div class=\" wp-block-column eplus-wrapper is-layout-flow wp-block-column-is-layout-flow\"><\/div>\n\n\n\n<div class=\" wp-block-column eplus-wrapper is-layout-flow wp-block-column-is-layout-flow\">\n<figure class=\"is-style-default wp-block-image size-full is-resized eplus-wrapper\"><img decoding=\"async\" src=\"https:\/\/seiersborg.vgs.no\/fredrikstad\/wp-content\/uploads\/sites\/1\/2024\/11\/hender-1.png\" alt=\"\" class=\"wp-image-20024\" style=\"aspect-ratio:1.3333333333333333;object-fit:cover;width:276px;height:auto\"><\/figure>\n<\/div>\n\n\n\n<div class=\" wp-block-column eplus-wrapper is-layout-flow wp-block-column-is-layout-flow\"><\/div>\n<\/div>","protected":false},"excerpt":{"rendered":"<p>Vi har bes\u00f8kt noen av elevene v\u00e5re som har v\u00e6rt ute i praksis i h\u00f8st. Her forteller de om hvordan det har v\u00e6rt og hvilke oppgaver de har hatt. Hvert \u00e5r er elevene v\u00e5re p\u00e5 vg1 og vg2 i praksis. Det er mange ulike retninger \u00e5 g\u00e5 i, og her f\u00e5r dere et innblikk i [&hellip;]<\/p>\n","protected":false},"author":7,"featured_media":3916,"comment_status":"closed","ping_status":"open","sticky":false,"template":"","format":"standard","meta":{"inline_featured_image":false,"editor_plus_copied_stylings":"{}","footnotes":""},"categories":[1],"tags":[],"featured_image_src":"https:\/\/seiersborg.vgs.no\/follo\/wp-content\/uploads\/sites\/2\/2025\/12\/Praksis-17.jpg","author_info":{"display_name":"christineheim","author_link":"https:\/\/seiersborg.vgs.no\/follo\/author\/christineheim\/"},"yoast_head":"<!-- This site is optimized with the Yoast SEO plugin v21.0 - https:\/\/yoast.com\/wordpress\/plugins\/seo\/ -->\n<title>Elever i praksis - Follo<\/title>\n<meta name=\"description\" content=\"Bli kjent med noen av v\u00e5re elever som er ute i praksis.\" \/>\n<meta name=\"robots\" content=\"index, follow, max-snippet:-1, max-image-preview:large, max-video-preview:-1\" \/>\n<link rel=\"canonical\" href=\"https:\/\/seiersborg.vgs.no\/follo\/elever-i-praksis\/\" \/>\n<meta property=\"og:locale\" content=\"nb_NO\" \/>\n<meta property=\"og:type\" content=\"article\" \/>\n<meta property=\"og:title\" content=\"Elever i praksis - Follo\" \/>\n<meta property=\"og:description\" content=\"Bli kjent med noen av v\u00e5re elever som er ute i praksis.\" \/>\n<meta property=\"og:url\" content=\"https:\/\/seiersborg.vgs.no\/follo\/elever-i-praksis\/\" \/>\n<meta property=\"og:site_name\" content=\"Follo\" \/>\n<meta property=\"article:published_time\" content=\"2026-01-06T08:28:59+00:00\" \/>\n<meta property=\"article:modified_time\" content=\"2026-01-07T12:37:58+00:00\" \/>\n<meta property=\"og:image\" content=\"https:\/\/seiersborg.vgs.no\/follo\/wp-content\/uploads\/sites\/2\/2025\/12\/Praksis-17.jpg\" \/>\n\t<meta property=\"og:image:width\" content=\"1200\" \/>\n\t<meta property=\"og:image:height\" content=\"800\" \/>\n\t<meta property=\"og:image:type\" content=\"image\/jpeg\" \/>\n<meta name=\"author\" content=\"christineheim\" \/>\n<meta name=\"twitter:card\" content=\"summary_large_image\" \/>\n<meta name=\"twitter:label1\" content=\"Skrevet av\" \/>\n\t<meta name=\"twitter:data1\" content=\"christineheim\" \/>\n\t<meta name=\"twitter:label2\" content=\"Ansl. lesetid\" \/>\n\t<meta name=\"twitter:data2\" content=\"8 minutter\" \/>\n<script type=\"application\/ld+json\" class=\"yoast-schema-graph\">{\"@context\":\"https:\/\/schema.org\",\"@graph\":[{\"@type\":\"WebPage\",\"@id\":\"https:\/\/seiersborg.vgs.no\/follo\/elever-i-praksis\/\",\"url\":\"https:\/\/seiersborg.vgs.no\/follo\/elever-i-praksis\/\",\"name\":\"Elever i praksis - Follo\",\"isPartOf\":{\"@id\":\"https:\/\/seiersborg.vgs.no\/follo\/#website\"},\"datePublished\":\"2026-01-06T08:28:59+00:00\",\"dateModified\":\"2026-01-07T12:37:58+00:00\",\"author\":{\"@id\":\"https:\/\/seiersborg.vgs.no\/follo\/#\/schema\/person\/b0ab3fb4d493e7e6236b7430d86b7ea0\"},\"description\":\"Bli kjent med noen av v\u00e5re elever som er ute i praksis.\",\"breadcrumb\":{\"@id\":\"https:\/\/seiersborg.vgs.no\/follo\/elever-i-praksis\/#breadcrumb\"},\"inLanguage\":\"nb-NO\",\"potentialAction\":[{\"@type\":\"ReadAction\",\"target\":[\"https:\/\/seiersborg.vgs.no\/follo\/elever-i-praksis\/\"]}]},{\"@type\":\"BreadcrumbList\",\"@id\":\"https:\/\/seiersborg.vgs.no\/follo\/elever-i-praksis\/#breadcrumb\",\"itemListElement\":[{\"@type\":\"ListItem\",\"position\":1,\"name\":\"Hjem\",\"item\":\"https:\/\/seiersborg.vgs.no\/follo\/\"},{\"@type\":\"ListItem\",\"position\":2,\"name\":\"Elever i praksis\"}]},{\"@type\":\"WebSite\",\"@id\":\"https:\/\/seiersborg.vgs.no\/follo\/#website\",\"url\":\"https:\/\/seiersborg.vgs.no\/follo\/\",\"name\":\"Follo\",\"description\":\"\",\"potentialAction\":[{\"@type\":\"SearchAction\",\"target\":{\"@type\":\"EntryPoint\",\"urlTemplate\":\"https:\/\/seiersborg.vgs.no\/follo\/?s={search_term_string}\"},\"query-input\":\"required name=search_term_string\"}],\"inLanguage\":\"nb-NO\"},{\"@type\":\"Person\",\"@id\":\"https:\/\/seiersborg.vgs.no\/follo\/#\/schema\/person\/b0ab3fb4d493e7e6236b7430d86b7ea0\",\"name\":\"christineheim\",\"image\":{\"@type\":\"ImageObject\",\"inLanguage\":\"nb-NO\",\"@id\":\"https:\/\/seiersborg.vgs.no\/follo\/#\/schema\/person\/image\/\",\"url\":\"https:\/\/secure.gravatar.com\/avatar\/11b08683dea42f71a0810c1d69cfe9ff?s=96&d=mm&r=g\",\"contentUrl\":\"https:\/\/secure.gravatar.com\/avatar\/11b08683dea42f71a0810c1d69cfe9ff?s=96&d=mm&r=g\",\"caption\":\"christineheim\"},\"url\":\"https:\/\/seiersborg.vgs.no\/follo\/author\/christineheim\/\"}]}<\/script>\n<!-- \/ Yoast SEO plugin. -->","yoast_head_json":{"title":"Elever i praksis - Follo","description":"Bli kjent med noen av v\u00e5re elever som er ute i praksis.","robots":{"index":"index","follow":"follow","max-snippet":"max-snippet:-1","max-image-preview":"max-image-preview:large","max-video-preview":"max-video-preview:-1"},"canonical":"https:\/\/seiersborg.vgs.no\/follo\/elever-i-praksis\/","og_locale":"nb_NO","og_type":"article","og_title":"Elever i praksis - Follo","og_description":"Bli kjent med noen av v\u00e5re elever som er ute i praksis.","og_url":"https:\/\/seiersborg.vgs.no\/follo\/elever-i-praksis\/","og_site_name":"Follo","article_published_time":"2026-01-06T08:28:59+00:00","article_modified_time":"2026-01-07T12:37:58+00:00","og_image":[{"width":1200,"height":800,"url":"https:\/\/seiersborg.vgs.no\/follo\/wp-content\/uploads\/sites\/2\/2025\/12\/Praksis-17.jpg","type":"image\/jpeg"}],"author":"christineheim","twitter_card":"summary_large_image","twitter_misc":{"Skrevet av":"christineheim","Ansl. lesetid":"8 minutter"},"schema":{"@context":"https:\/\/schema.org","@graph":[{"@type":"WebPage","@id":"https:\/\/seiersborg.vgs.no\/follo\/elever-i-praksis\/","url":"https:\/\/seiersborg.vgs.no\/follo\/elever-i-praksis\/","name":"Elever i praksis - Follo","isPartOf":{"@id":"https:\/\/seiersborg.vgs.no\/follo\/#website"},"datePublished":"2026-01-06T08:28:59+00:00","dateModified":"2026-01-07T12:37:58+00:00","author":{"@id":"https:\/\/seiersborg.vgs.no\/follo\/#\/schema\/person\/b0ab3fb4d493e7e6236b7430d86b7ea0"},"description":"Bli kjent med noen av v\u00e5re elever som er ute i praksis.","breadcrumb":{"@id":"https:\/\/seiersborg.vgs.no\/follo\/elever-i-praksis\/#breadcrumb"},"inLanguage":"nb-NO","potentialAction":[{"@type":"ReadAction","target":["https:\/\/seiersborg.vgs.no\/follo\/elever-i-praksis\/"]}]},{"@type":"BreadcrumbList","@id":"https:\/\/seiersborg.vgs.no\/follo\/elever-i-praksis\/#breadcrumb","itemListElement":[{"@type":"ListItem","position":1,"name":"Hjem","item":"https:\/\/seiersborg.vgs.no\/follo\/"},{"@type":"ListItem","position":2,"name":"Elever i praksis"}]},{"@type":"WebSite","@id":"https:\/\/seiersborg.vgs.no\/follo\/#website","url":"https:\/\/seiersborg.vgs.no\/follo\/","name":"Follo","description":"","potentialAction":[{"@type":"SearchAction","target":{"@type":"EntryPoint","urlTemplate":"https:\/\/seiersborg.vgs.no\/follo\/?s={search_term_string}"},"query-input":"required name=search_term_string"}],"inLanguage":"nb-NO"},{"@type":"Person","@id":"https:\/\/seiersborg.vgs.no\/follo\/#\/schema\/person\/b0ab3fb4d493e7e6236b7430d86b7ea0","name":"christineheim","image":{"@type":"ImageObject","inLanguage":"nb-NO","@id":"https:\/\/seiersborg.vgs.no\/follo\/#\/schema\/person\/image\/","url":"https:\/\/secure.gravatar.com\/avatar\/11b08683dea42f71a0810c1d69cfe9ff?s=96&d=mm&r=g","contentUrl":"https:\/\/secure.gravatar.com\/avatar\/11b08683dea42f71a0810c1d69cfe9ff?s=96&d=mm&r=g","caption":"christineheim"},"url":"https:\/\/seiersborg.vgs.no\/follo\/author\/christineheim\/"}]}},"_links":{"self":[{"href":"https:\/\/seiersborg.vgs.no\/follo\/wp-json\/wp\/v2\/posts\/3914"}],"collection":[{"href":"https:\/\/seiersborg.vgs.no\/follo\/wp-json\/wp\/v2\/posts"}],"about":[{"href":"https:\/\/seiersborg.vgs.no\/follo\/wp-json\/wp\/v2\/types\/post"}],"author":[{"embeddable":true,"href":"https:\/\/seiersborg.vgs.no\/follo\/wp-json\/wp\/v2\/users\/7"}],"replies":[{"embeddable":true,"href":"https:\/\/seiersborg.vgs.no\/follo\/wp-json\/wp\/v2\/comments?post=3914"}],"version-history":[{"count":15,"href":"https:\/\/seiersborg.vgs.no\/follo\/wp-json\/wp\/v2\/posts\/3914\/revisions"}],"predecessor-version":[{"id":3991,"href":"https:\/\/seiersborg.vgs.no\/follo\/wp-json\/wp\/v2\/posts\/3914\/revisions\/3991"}],"wp:featuredmedia":[{"embeddable":true,"href":"https:\/\/seiersborg.vgs.no\/follo\/wp-json\/wp\/v2\/media\/3916"}],"wp:attachment":[{"href":"https:\/\/seiersborg.vgs.no\/follo\/wp-json\/wp\/v2\/media?parent=3914"}],"wp:term":[{"taxonomy":"category","embeddable":true,"href":"https:\/\/seiersborg.vgs.no\/follo\/wp-json\/wp\/v2\/categories?post=3914"},{"taxonomy":"post_tag","embeddable":true,"href":"https:\/\/seiersborg.vgs.no\/follo\/wp-json\/wp\/v2\/tags?post=3914"}],"curies":[{"name":"wp","href":"https:\/\/api.w.org\/{rel}","templated":true}]}}